{"id":1896,"date":"2026-03-16T08:08:47","date_gmt":"2026-03-16T11:08:47","guid":{"rendered":"https:\/\/cultura.camposdojordao.sp.gov.br\/?p=1896"},"modified":"2026-04-27T08:22:49","modified_gmt":"2026-04-27T11:22:49","slug":"inscricoes-pnab-2026-pareceristas","status":"publish","type":"post","link":"https:\/\/cultura.camposdojordao.sp.gov.br\/?p=1896","title":{"rendered":"Inscri\u00e7\u00f5es PNAB 2026 &#8211; Pareceristas"},"content":{"rendered":"\t\t<div data-elementor-type=\"wp-post\" data-elementor-id=\"1896\" class=\"elementor elementor-1896\" data-elementor-post-type=\"post\">\n\t\t\t\t<div class=\"elementor-element elementor-element-98ecaea e-con-full e-flex e-con e-parent\" data-id=\"98ecaea\" data-element_type=\"container\" data-e-type=\"container\" data-settings=\"{&quot;background_background&quot;:&quot;classic&quot;}\">\n\t\t\t\t<div class=\"elementor-element elementor-element-c75273e elementor-widget elementor-widget-heading\" data-id=\"c75273e\" data-element_type=\"widget\" data-e-type=\"widget\" data-widget_type=\"heading.default\">\n\t\t\t\t\t<h1 class=\"elementor-heading-title elementor-size-default\">Inscri\u00e7\u00f5es PNAB 2026 - Pareceristas<\/h1>\t\t\t\t<\/div>\n\t\t\t\t<\/div>\n\t\t<div class=\"elementor-element elementor-element-04f819e e-flex e-con-boxed e-con e-parent\" data-id=\"04f819e\" data-element_type=\"container\" data-e-type=\"container\">\n\t\t\t\t\t<div class=\"e-con-inner\">\n\t\t\t\t<div class=\"elementor-element elementor-element-586f139 elementor-widget elementor-widget-text-editor\" data-id=\"586f139\" data-element_type=\"widget\" data-e-type=\"widget\" data-widget_type=\"text-editor.default\">\n\t\t\t\t\t\t\t\t\t<p><span data-path-to-node=\"3,1\"><span class=\"citation-149\">A <\/span><b data-path-to-node=\"3,1\" data-index-in-node=\"2\"><span class=\"citation-149\">Prefeitura Municipal de Campos do Jord\u00e3o<\/span><\/b><span class=\"citation-149\">, por meio da <\/span><b data-path-to-node=\"3,1\" data-index-in-node=\"56\"><span class=\"citation-149\">Secretaria Municipal de Valoriza\u00e7\u00e3o da Cultura<\/span><\/b><span class=\"citation-149\">, torna p\u00fablico o <\/span><b data-path-to-node=\"3,1\" data-index-in-node=\"120\"><span class=\"citation-149\">Edital de Chamamento P\u00fablico 002\/2026<\/span><\/b><\/span><span data-path-to-node=\"3,3\">. <\/span><span data-path-to-node=\"3,5\"><span class=\"citation-148\">O objetivo \u00e9 o credenciamento e sele\u00e7\u00e3o de profissionais para atuar na an\u00e1lise e emiss\u00e3o de pareceres t\u00e9cnicos dos projetos culturais submetidos \u00e0 <\/span><b data-path-to-node=\"3,5\" data-index-in-node=\"147\"><span class=\"citation-148\">Pol\u00edtica Nacional Aldir Blanc (PNAB) \u2013 Ciclo 2<\/span><\/b><\/span><span data-path-to-node=\"3,7\">.<\/span><\/p>\t\t\t\t\t\t\t\t<\/div>\n\t\t\t\t<div class=\"elementor-element elementor-element-9722a6c elementor-widget elementor-widget-heading\" data-id=\"9722a6c\" data-element_type=\"widget\" data-e-type=\"widget\" data-widget_type=\"heading.default\">\n\t\t\t\t\t<h3 class=\"elementor-heading-title elementor-size-default\">Sobre a Vaga<\/h3>\t\t\t\t<\/div>\n\t\t\t\t<div class=\"elementor-element elementor-element-b09a3d3 elementor-widget elementor-widget-text-editor\" data-id=\"b09a3d3\" data-element_type=\"widget\" data-e-type=\"widget\" data-widget_type=\"text-editor.default\">\n\t\t\t\t\t\t\t\t\t<p id=\"p-rc_86f1088198703c5b-76\" data-path-to-node=\"5\"><span data-path-to-node=\"5,1\"><span class=\"citation-147\">Ser\u00e3o selecionados <\/span><b data-path-to-node=\"5,1\" data-index-in-node=\"19\"><span class=\"citation-147\">04 (quatro) pareceristas<\/span><\/b><span class=\"citation-147\"> (Pessoa F\u00edsica ou MEI) residentes no Brasil<\/span><\/span><span data-path-to-node=\"5,3\">. <\/span><span data-path-to-node=\"5,5\"><span class=\"citation-146\">Os profissionais atuar\u00e3o na an\u00e1lise documental e t\u00e9cnica das propostas dos editais da PNAB a serem lan\u00e7ados em 2026<\/span><\/span><span data-path-to-node=\"5,7\">.<\/span><\/p><ul data-path-to-node=\"6\"><li><p id=\"p-rc_86f1088198703c5b-77\" data-path-to-node=\"6,0,1\"><span data-path-to-node=\"6,0,1,0\"><b data-path-to-node=\"6,0,1,0\" data-index-in-node=\"0\"><span class=\"citation-145\">Remunera\u00e7\u00e3o:<\/span><\/b><span class=\"citation-145\"> R$ 4.413,19 (valor bruto em parcela \u00fanica)<\/span><\/span><span data-path-to-node=\"6,0,1,2\">.<\/span><\/p><\/li><li><p id=\"p-rc_86f1088198703c5b-77\" data-path-to-node=\"6,0,1\"><span data-path-to-node=\"6,1,1,0\"><b data-path-to-node=\"6,1,1,0\" data-index-in-node=\"0\"><span class=\"citation-144\">Vig\u00eancia do Contrato:<\/span><\/b><span class=\"citation-144\"> 03 meses a partir da assinatura<\/span><\/span><span data-path-to-node=\"6,1,1,2\">.<\/span><\/p><\/li><\/ul>\t\t\t\t\t\t\t\t<\/div>\n\t\t\t\t<div class=\"elementor-element elementor-element-18096bd elementor-widget elementor-widget-heading\" data-id=\"18096bd\" data-element_type=\"widget\" data-e-type=\"widget\" data-widget_type=\"heading.default\">\n\t\t\t\t\t<h3 class=\"elementor-heading-title elementor-size-default\">Quem pode participar?<\/h3>\t\t\t\t<\/div>\n\t\t\t\t<div class=\"elementor-element elementor-element-d528416 elementor-widget elementor-widget-text-editor\" data-id=\"d528416\" data-element_type=\"widget\" data-e-type=\"widget\" data-widget_type=\"text-editor.default\">\n\t\t\t\t\t\t\t\t\t<p id=\"p-rc_86f1088198703c5b-79\" data-path-to-node=\"8\"><span data-path-to-node=\"8,1\"><span class=\"citation-143\">Profissionais com experi\u00eancia m\u00ednima comprovada de <\/span><b data-path-to-node=\"8,1\" data-index-in-node=\"51\"><span class=\"citation-143\">03 anos<\/span><\/b><span class=\"citation-143\"> no campo cultural ou como pareceristas, ou que possuam trajet\u00f3ria voltada para a arte como inclus\u00e3o social<\/span><\/span><span data-path-to-node=\"8,3\">. <\/span><span data-path-to-node=\"8,5\"><span class=\"citation-142\">\u00c9 necess\u00e1rio ter idade igual ou superior a 18 anos e estar em situa\u00e7\u00e3o regular com os tributos<\/span><\/span><span data-path-to-node=\"8,7\">.<\/span><\/p><p id=\"p-rc_86f1088198703c5b-80\" data-path-to-node=\"10\"><span data-path-to-node=\"10,0\"><b data-path-to-node=\"10,0\" data-index-in-node=\"0\"><span class=\"citation-141\">\u00c1reas de interesse:<\/span><\/b><span class=\"citation-141\"> Audiovisual, Teatro, Dan\u00e7a, Livro e Literatura, Arquitetura e Patrim\u00f4nio, Projetos Sociais, Museus e Manifesta\u00e7\u00f5es de Matriz Afro, Ind\u00edgena e Quilombola<\/span><\/span><span data-path-to-node=\"10,2\">.<\/span><\/p>\t\t\t\t\t\t\t\t<\/div>\n\t\t\t\t<div class=\"elementor-element elementor-element-d9a6612 elementor-widget elementor-widget-heading\" data-id=\"d9a6612\" data-element_type=\"widget\" data-e-type=\"widget\" data-widget_type=\"heading.default\">\n\t\t\t\t\t<h3 class=\"elementor-heading-title elementor-size-default\">Inscri\u00e7\u00f5es<\/h3>\t\t\t\t<\/div>\n\t\t\t\t<div class=\"elementor-element elementor-element-79b2e47 elementor-widget elementor-widget-text-editor\" data-id=\"79b2e47\" data-element_type=\"widget\" data-e-type=\"widget\" data-widget_type=\"text-editor.default\">\n\t\t\t\t\t\t\t\t\t<p data-path-to-node=\"12\"><span data-path-to-node=\"12,1\"><span class=\"citation-140\">As inscri\u00e7\u00f5es s\u00e3o gratuitas e devem ser realizadas exclusivamente de forma online<\/span><\/span><span data-path-to-node=\"12,3\">:<\/span><\/p><ul data-path-to-node=\"13\"><li><p data-path-to-node=\"13,0,1\"><span data-path-to-node=\"13,0,1,0\"><b data-path-to-node=\"13,0,1,0\" data-index-in-node=\"0\"><span class=\"citation-139\">Prazo:<\/span><\/b><span class=\"citation-139\"> De 16 de mar\u00e7o a 27 de mar\u00e7o de 2026 (at\u00e9 \u00e0s 23h59min)<\/span><\/span><span data-path-to-node=\"13,0,1,2\">.<\/span><\/p><\/li><li><p data-path-to-node=\"13,0,1\"><span data-path-to-node=\"13,1,1,0\"><b data-path-to-node=\"13,1,1,0\" data-index-in-node=\"0\"><span class=\"citation-138\">Onde:<\/span><\/b><span class=\"citation-138\"> Abaixo ser\u00e1 disponibilizado o <strong>Edital 002\/2026 &#8211; PNAB &#8211; Pareceristas<\/strong> completo e o link das inscri\u00e7\u00f5es.<\/span><\/span><\/p><\/li><\/ul>\t\t\t\t\t\t\t\t<\/div>\n\t\t\t\t<div class=\"elementor-element elementor-element-75113b2 elementor-widget elementor-widget-heading\" data-id=\"75113b2\" data-element_type=\"widget\" data-e-type=\"widget\" data-widget_type=\"heading.default\">\n\t\t\t\t\t<h3 class=\"elementor-heading-title elementor-size-default\">Cronograma Resumido<\/h3>\t\t\t\t<\/div>\n\t\t\t\t<div class=\"elementor-element elementor-element-32f417f elementor-widget elementor-widget-text-editor\" data-id=\"32f417f\" data-element_type=\"widget\" data-e-type=\"widget\" data-widget_type=\"text-editor.default\">\n\t\t\t\t\t\t\t\t\t<ul data-path-to-node=\"15\"><li><p data-path-to-node=\"15,0,1\"><span data-path-to-node=\"15,0,1,0\"><b data-path-to-node=\"15,0,1,0\" data-index-in-node=\"0\"><span class=\"citation-137\">Inscri\u00e7\u00f5es:<\/span><\/b><span class=\"citation-137\"> 16\/03 a 02\/04<\/span><\/span><span data-path-to-node=\"15,0,1,2\">.<\/span><\/p><\/li><li><p data-path-to-node=\"15,1,1\"><span data-path-to-node=\"15,1,1,0\"><b data-path-to-node=\"15,1,1,0\" data-index-in-node=\"0\"><span class=\"citation-136\">Avalia\u00e7\u00e3o T\u00e9cnica:<\/span><\/b><span class=\"citation-136\"> 06\/04 a 12\/04<\/span><\/span><span data-path-to-node=\"15,1,1,2\">.<\/span><\/p><\/li><li><p data-path-to-node=\"15,2,1\"><span data-path-to-node=\"15,2,1,0\"><b data-path-to-node=\"15,2,1,0\" data-index-in-node=\"0\"><span class=\"citation-135\">Resultado Preliminar:<\/span><\/b><span class=\"citation-135\"> 13\/04<\/span><\/span><span data-path-to-node=\"15,2,1,2\">.<\/span><\/p><\/li><li><p data-path-to-node=\"15,3,1\"><span data-path-to-node=\"15,3,1,0\"><b data-path-to-node=\"15,3,1,0\" data-index-in-node=\"0\"><span class=\"citation-134\">Resultado Final:<\/span><\/b><span class=\"citation-134\"> 27\/04<\/span><\/span><span data-path-to-node=\"15,3,1,2\">.<\/span><\/p><\/li><li><p data-path-to-node=\"15,3,1\"><span data-path-to-node=\"15,4,1,0\"><b data-path-to-node=\"15,4,1,0\" data-index-in-node=\"0\"><span class=\"citation-133\">Contrata\u00e7\u00e3o:<\/span><\/b><span class=\"citation-133\"> 04\/05<\/span><\/span><span data-path-to-node=\"15,4,1,2\">.<\/span><\/p><\/li><\/ul><p id=\"p-rc_86f1088198703c5b-89\" data-path-to-node=\"16\"><span data-path-to-node=\"16,1\"><span class=\"citation-132\">Este edital \u00e9 realizado com recursos do Governo Federal, via Lei 14.399\/2022 (Lei PNAB)<\/span><\/span><span data-path-to-node=\"16,3\">. Para conferir a lista completa de documentos obrigat\u00f3rios e crit\u00e9rios de pontua\u00e7\u00e3o, acesse o edital na \u00edntegra abaixo.<\/span><\/p>\t\t\t\t\t\t\t\t<\/div>\n\t\t\t\t\t<\/div>\n\t\t\t\t<\/div>\n\t\t<div class=\"elementor-element elementor-element-9774aee e-flex e-con-boxed e-con e-parent\" data-id=\"9774aee\" data-element_type=\"container\" data-e-type=\"container\">\n\t\t\t\t\t<div class=\"e-con-inner\">\n\t\t\t\t<div class=\"elementor-element elementor-element-dafc7c0 elementor-widget elementor-widget-heading\" data-id=\"dafc7c0\" data-element_type=\"widget\" data-e-type=\"widget\" data-widget_type=\"heading.default\">\n\t\t\t\t\t<h2 class=\"elementor-heading-title elementor-size-default\">Classifica\u00e7\u00e3o Final - Titulares e Suplentes<\/h2>\t\t\t\t<\/div>\n\t\t\t\t<div class=\"elementor-element elementor-element-ed546ad elementor-widget elementor-widget-html\" data-id=\"ed546ad\" data-element_type=\"widget\" data-e-type=\"widget\" data-widget_type=\"html.default\">\n\t\t\t\t\t<iframe \n    data-src=\"https:\/\/cultura.camposdojordao.sp.gov.br\/wp-content\/uploads\/2026\/04\/Classificacao-Pareceristas1.pdf\" \n    width=\"100%\" \n    height=\"600px\" \n    style=\"border: none;\"\n    title=\"Visualizador de PDF Incorporado\"\n src=\"data:image\/svg+xml;base64,PHN2ZyB3aWR0aD0iMSIgaGVpZ2h0PSIxIiB4bWxucz0iaHR0cDovL3d3dy53My5vcmcvMjAwMC9zdmciPjwvc3ZnPg==\" class=\"lazyload\" data-load-mode=\"1\">\n    Seu navegador n\u00e3o suporta iframes. Voc\u00ea pode fazer o download do PDF aqui: \n    <a href=\"https:\/\/cultura.camposdojordao.sp.gov.br\/wp-content\/uploads\/2026\/04\/Classificacao-Pareceristas1.pdf\">Baixar PDF<\/a>\n<\/iframe>\t\t\t\t<\/div>\n\t\t\t\t\t<\/div>\n\t\t\t\t<\/div>\n\t\t<div class=\"elementor-element elementor-element-1260b3d e-flex e-con-boxed e-con e-parent\" data-id=\"1260b3d\" data-element_type=\"container\" data-e-type=\"container\">\n\t\t\t\t\t<div class=\"e-con-inner\">\n\t\t\t\t<div class=\"elementor-element elementor-element-489d779 elementor-widget elementor-widget-heading\" data-id=\"489d779\" data-element_type=\"widget\" data-e-type=\"widget\" data-widget_type=\"heading.default\">\n\t\t\t\t\t<h2 class=\"elementor-heading-title elementor-size-default\">Links anteriores<\/h2>\t\t\t\t<\/div>\n\t\t\t\t<div class=\"elementor-element elementor-element-91fc343 elementor-widget elementor-widget-heading\" data-id=\"91fc343\" data-element_type=\"widget\" data-e-type=\"widget\" data-widget_type=\"heading.default\">\n\t\t\t\t\t<h3 class=\"elementor-heading-title elementor-size-default\"><a href=\"https:\/\/cultura.camposdojordao.sp.gov.br\/wp-content\/uploads\/2026\/04\/Classificacao-Pareceristas.pdf\">Classifica\u00e7\u00e3o Preliminar - Titulares e Suplentes<\/a><\/h3>\t\t\t\t<\/div>\n\t\t\t\t<div class=\"elementor-element elementor-element-8284c25 elementor-widget elementor-widget-heading\" data-id=\"8284c25\" data-element_type=\"widget\" data-e-type=\"widget\" data-widget_type=\"heading.default\">\n\t\t\t\t\t<h3 class=\"elementor-heading-title elementor-size-default\"><a href=\"https:\/\/cultura.camposdojordao.sp.gov.br\/wp-content\/uploads\/2026\/04\/Classificacao-Pareceristas-Geral.pdf\">Classifica\u00e7\u00e3o Geral Preliminar<\/a><\/h3>\t\t\t\t<\/div>\n\t\t\t\t<div class=\"elementor-element elementor-element-2d9855a elementor-widget elementor-widget-heading\" data-id=\"2d9855a\" data-element_type=\"widget\" data-e-type=\"widget\" data-widget_type=\"heading.default\">\n\t\t\t\t\t<h3 class=\"elementor-heading-title elementor-size-default\"><a href=\"https:\/\/camposdojordao.sp.gov.br\/Arquivos_Publicacoes\/Diario-Oficial\/81c5a0be824aeb1ad696a40ef2fa02cb.pdf\">Retifica\u00e7\u00e3o do Edital<\/a><\/h3>\t\t\t\t<\/div>\n\t\t\t\t<div class=\"elementor-element elementor-element-efabde6 elementor-widget elementor-widget-heading\" data-id=\"efabde6\" data-element_type=\"widget\" data-e-type=\"widget\" data-widget_type=\"heading.default\">\n\t\t\t\t\t<h3 class=\"elementor-heading-title elementor-size-default\"><a href=\"https:\/\/cultura.camposdojordao.sp.gov.br\/wp-content\/uploads\/2026\/03\/Edital-002-2026-Parecerista.pdf\">Edital completo<\/a><\/h3>\t\t\t\t<\/div>\n\t\t\t\t\t<\/div>\n\t\t\t\t<\/div>\n\t\t\t\t<\/div>\n\t\t","protected":false},"excerpt":{"rendered":"<p>Inscri\u00e7\u00f5es PNAB 2026 &#8211; Pareceristas A Prefeitura Municipal de Campos do Jord\u00e3o, por meio da Secretaria Municipal de Valoriza\u00e7\u00e3o da Cultura, torna p\u00fablico o Edital de Chamamento P\u00fablico 002\/2026. O objetivo \u00e9 o credenciamento e sele\u00e7\u00e3o de profissionais para atuar na an\u00e1lise e emiss\u00e3o de pareceres t\u00e9cnicos dos projetos culturais submetidos \u00e0 Pol\u00edtica Nacional Aldir [&hellip;]<\/p>\n","protected":false},"author":2,"featured_media":1898,"comment_status":"open","ping_status":"open","sticky":false,"template":"","format":"standard","meta":{"footnotes":""},"categories":[1],"tags":[],"class_list":["post-1896","post","type-post","status-publish","format-standard","has-post-thumbnail","hentry","category-editais","entry","has-media"],"_links":{"self":[{"href":"https:\/\/cultura.camposdojordao.sp.gov.br\/index.php?rest_route=\/wp\/v2\/posts\/1896","targetHints":{"allow":["GET"]}}],"collection":[{"href":"https:\/\/cultura.camposdojordao.sp.gov.br\/index.php?rest_route=\/wp\/v2\/posts"}],"about":[{"href":"https:\/\/cultura.camposdojordao.sp.gov.br\/index.php?rest_route=\/wp\/v2\/types\/post"}],"author":[{"embeddable":true,"href":"https:\/\/cultura.camposdojordao.sp.gov.br\/index.php?rest_route=\/wp\/v2\/users\/2"}],"replies":[{"embeddable":true,"href":"https:\/\/cultura.camposdojordao.sp.gov.br\/index.php?rest_route=%2Fwp%2Fv2%2Fcomments&post=1896"}],"version-history":[{"count":43,"href":"https:\/\/cultura.camposdojordao.sp.gov.br\/index.php?rest_route=\/wp\/v2\/posts\/1896\/revisions"}],"predecessor-version":[{"id":2000,"href":"https:\/\/cultura.camposdojordao.sp.gov.br\/index.php?rest_route=\/wp\/v2\/posts\/1896\/revisions\/2000"}],"wp:featuredmedia":[{"embeddable":true,"href":"https:\/\/cultura.camposdojordao.sp.gov.br\/index.php?rest_route=\/wp\/v2\/media\/1898"}],"wp:attachment":[{"href":"https:\/\/cultura.camposdojordao.sp.gov.br\/index.php?rest_route=%2Fwp%2Fv2%2Fmedia&parent=1896"}],"wp:term":[{"taxonomy":"category","embeddable":true,"href":"https:\/\/cultura.camposdojordao.sp.gov.br\/index.php?rest_route=%2Fwp%2Fv2%2Fcategories&post=1896"},{"taxonomy":"post_tag","embeddable":true,"href":"https:\/\/cultura.camposdojordao.sp.gov.br\/index.php?rest_route=%2Fwp%2Fv2%2Ftags&post=1896"}],"curies":[{"name":"wp","href":"https:\/\/api.w.org\/{rel}","templated":true}]}}